{"id":1964,"date":"2024-01-31T08:51:27","date_gmt":"2024-01-31T08:51:27","guid":{"rendered":"https:\/\/www.indigoverona.com\/\/westandforlovers\/\/"},"modified":"2024-01-31T08:54:45","modified_gmt":"2024-01-31T08:54:45","slug":"i-migliori-giardini-di-verona-parchi-storici-ed-oasi-verdi","status":"publish","type":"post","link":"https:\/\/www.indigoverona.com\/it\/westandforlovers\/i-migliori-giardini-di-verona-parchi-storici-ed-oasi-verdi\/","title":{"rendered":"I migliori  giardini di Verona: parchi storici ed oasi verdi"},"content":{"rendered":"<p>Tra una visita culturale e l\u2019altra una passeggiata nel verde sar\u00e0 senza dubbio un\u2019attivit\u00e0 piacevole da inserire nel vostro <a href=\"https:\/\/www.indigoverona.com\/it\/verona\/cosa-vedere\/\" target=\"_blank\" rel=\"noopener\">itinerario a Verona<\/a>. Ecco qualche idea per scoprire i migliori giardini e parchi della citt\u00e0.<\/p>\n<h2>Giardino Giusti, per l\u2019eleganza di altri tempi<\/h2>\n<p>Il Giardino Giusti \u00e8 uno dei pi\u00f9 antichi d&#8217;Italia e l\u2019unico giardino all\u2019italiana cinquecentesco di Verona. \u00c8 ricco di terrazze, statue, grotte e fontane, ma anche di reperti romani e coloratissimi fiori. Da non tralasciare il labirinto di siepi, uno dei pi\u00f9 antichi d\u2019Europa.<\/p>\n<p>Dal suo belvedere, che vi suggeriamo di non perdere, il giardino offre anche una bella vista panoramica sulla citt\u00e0. Il Giardino Giusti \u00e8 un luogo ideale per una passeggiata, al contempo rilassante e culturale, a pochi minuti a piedi dal centro.<\/p>\n<h2>Parco delle Colombare, per rivivere la tradizione<\/h2>\n<p>Il Parco delle Colombare \u00e8 un grande spazio pubblico situato sulle colline di Verona. Il suo nome precedente era \u201cCosta Calda\u201d, proprio per l\u2019esposizione dei terreni al sole che rendono questi pendii collinari perfetti per la coltivazione vitivinicola e agricola.<\/p>\n<p>Il parco non solo offre una piacevole passeggiata tra alberi secolari e viste panoramiche sulla citt\u00e0, ma ospiter\u00e0 presto uno spazio dedicato ad un Tocat\u00ec permanente. Cos\u2019\u00e8 il Tocat\u00ec? \u00c8 la manifestazione italiana di giochi tradizionali che si svolge ogni anno a Verona a met\u00e0 settembre, riconosciuta dall\u2019Unesco come buona pratica di salvaguardia del patrimonio culturale immateriale.<\/p>\n<p>Il Parco delle Colombare diventer\u00e0 quindi lo spazio ideale per rivivere questa tradizione 365 giorni all\u2019anno.<\/p>\n<h2>Giardino di Castelvecchio, per la firma di Carlo Scarpa<\/h2>\n<p>Allestito all&#8217;interno del castello edificato dalla famiglia della Scala a met\u00e0 del 1300, <a href=\"https:\/\/www.indigoverona.com\/it\/verona\/cosa-vedere\/museo-di-castelvecchio\/\" target=\"_blank\" rel=\"noopener\">Castelvecchio<\/a> \u00e8 il pi\u00f9 importante museo di Verona . Espone collezioni di scultura medievale e rinascimentale, una ricca pinacoteca, gioielli, armi e armature.<\/p>\n<p>Il giardino \u00e8 parte integrante della visita e costituisce il fulcro da cui si dipanano i principali percorsi: gli accessi al museo, alla biblioteca, agli uffici, alla sala Boggian e al ponte di Castelvecchio. La genialit\u00e0 di Carlo Scarpa, che restaur\u00f2 e allest\u00ec il museo in chiave moderna nel corso del Novecento, fu essenziale anche per la progettazione del giardino, terminato solo pochi giorni prima dell\u2019inaugurazione.<\/p>\n<p>Noterete, ad esempio, che il percorso verso l&#8217;ingresso \u00e8 affiancato da due vasche d&#8217;acqua che, in alcuni momenti del giorno, riflettono il castello in un gioco di riflessi tipico dei giardini giapponesi. L&#8217;idea delle due vasche fu proprio di Scarpa, che durante i lavori osserv\u00f2 due teli di nylon sopra i quali si erano formate due pozzanghere.<\/p>\n<h2>Parco Giardino Sigurt\u00e0, per la gita nel weekend<\/h2>\n<p>A meno di un\u2019ora da Verona, il Parco Giardino Sigurt\u00e0 \u00e8 la destinazione ideale per una gita fuoriporta. Si trova a <a href=\"https:\/\/www.indigoverona.com\/it\/westandforlovers\/lago-di-garda-i-luoghi-piu-romantici-da-non-perdere\/\" target=\"_blank\" rel=\"noopener\">Valeggio sul Mincio<\/a> e da Verona \u00e8 facilmente raggiungibile anche con i mezzi pubblici: arrivate in treno a Peschiera del Garda, dopodich\u00e8 proseguite con l\u2019autobus linea 46 APAM oppure con la linea ATV 479 (attiva solo durante la stagione estiva).<\/p>\n<p>Il giardino si sviluppa intorno a Villa Sigurt\u00e0 che, nel XVII secolo, fu la sede dell\u2019impero asburgico nel nord-est d\u2019Italia e che rimane un virtuoso esempio dello stile palladiano. Il parco \u00e8 davvero meraviglioso ed \u00e8 l\u2019oasi verde ideale per trascorrere qualche ora nella natura: un vero paradiso terrestre di 60 ettari che vi conquister\u00e0 per colori e fioriture.<\/p>\n<h2>Il giardino del nostro hotel, per sorseggiare un cocktail<\/h2>\n<p>Arredato con graziosi tavolini, sdraio e ombrelloni, il nostro <a href=\"https:\/\/www.indigoverona.com\/it\/hotel\/giardino-interno\/\" target=\"_blank\" rel=\"noopener\">giardino interno<\/a> offre un\u2019occasione imperdibile di relax: un angolo di tranquillit\u00e0, riparato dal caos e dalla frenesia della citt\u00e0, dove potrete trascorrere quieti pomeriggi al sole e rilassanti momenti di svago.<\/p>\n<p>Il nostro giardino \u00e8 un vero fiore all\u2019occhiello dell\u2019hotel, insieme all\u2019<a href=\"https:\/\/www.indigoverona.com\/it\/arya-bar-mixology\/\" target=\"_blank\" rel=\"noopener\">Arya Bar &amp; Mixology<\/a>, che sapr\u00e0 stupirvi completando i vostri momenti di relax con i suoi eccellenti cocktail.<\/p>\n<p>&nbsp;<\/p>\n<p><img loading=\"lazy\" decoding=\"async\" class=\"aligncenter wp-image-1869\" src=\"https:\/\/www.indigoverona.com\/wp-content\/uploads\/sites\/166\/2023\/06\/FOTO-9-Hotel-Indigo-Verona-Grand-Hotel-Des-Arts-Inner-garden-view-02.jpg\" alt=\"\" width=\"660\" height=\"440\" srcset=\"https:\/\/www.indigoverona.com\/wp-content\/uploads\/sites\/166\/2023\/06\/FOTO-9-Hotel-Indigo-Verona-Grand-Hotel-Des-Arts-Inner-garden-view-02.jpg 1200w, https:\/\/www.indigoverona.com\/wp-content\/uploads\/sites\/166\/2023\/06\/FOTO-9-Hotel-Indigo-Verona-Grand-Hotel-Des-Arts-Inner-garden-view-02-300x200.jpg 300w, https:\/\/www.indigoverona.com\/wp-content\/uploads\/sites\/166\/2023\/06\/FOTO-9-Hotel-Indigo-Verona-Grand-Hotel-Des-Arts-Inner-garden-view-02-1024x683.jpg 1024w, https:\/\/www.indigoverona.com\/wp-content\/uploads\/sites\/166\/2023\/06\/FOTO-9-Hotel-Indigo-Verona-Grand-Hotel-Des-Arts-Inner-garden-view-02-768x512.jpg 768w, https:\/\/www.indigoverona.com\/wp-content\/uploads\/sites\/166\/2023\/06\/FOTO-9-Hotel-Indigo-Verona-Grand-Hotel-Des-Arts-Inner-garden-view-02-1000x667.jpg 1000w\" sizes=\"auto, (max-width: 660px) 100vw, 660px\" \/><\/p>\n","protected":false},"excerpt":{"rendered":"<p>Tra una visita culturale e l\u2019altra una passeggiata nel verde sar\u00e0 senza dubbio un\u2019attivit\u00e0 piacevole da inserire nel vostro itinerario a Verona. Ecco qualche idea per scoprire i migliori giardini e parchi della citt\u00e0. Giardino Giusti, per l\u2019eleganza di altri tempi Il Giardino Giusti \u00e8 uno dei pi\u00f9 antichi d&#8217;Italia e l\u2019unico giardino all\u2019italiana cinquecentesco [&hellip;]<\/p>\n","protected":false},"author":125,"featured_media":0,"comment_status":"closed","ping_status":"closed","sticky":false,"template":"","format":"standard","meta":{"footnotes":""},"class_list":["post-1964","post","type-post","status-publish","format-standard","hentry","post_category-i-nostri-tips"],"yoast_head":"<!-- This site is optimized with the Yoast SEO plugin v26.9 - https:\/\/yoast.com\/product\/yoast-seo-wordpress\/ -->\n<title>I migliori giardini di Verona: parchi storici ed oasi verdi - Hotel Indigo Verona - Grand Hotel Des Arts<\/title>\n<meta name=\"description\" content=\"Scopri i giardini e parchi pi\u00f9 scenografici di Verona: una passeggiata nel verde sar\u00e0 un\u2019attivit\u00e0 piacevole da inserire nel vostro itinerario.\" \/>\n<meta name=\"robots\" content=\"index, follow, max-snippet:-1, max-image-preview:large, max-video-preview:-1\" \/>\n<link rel=\"canonical\" href=\"https:\/\/www.indigoverona.com\/it\/westandforlovers\/i-migliori-giardini-di-verona-parchi-storici-ed-oasi-verdi\/\" \/>\n<meta property=\"og:locale\" content=\"it_IT\" \/>\n<meta property=\"og:type\" content=\"article\" \/>\n<meta property=\"og:title\" content=\"I migliori giardini di Verona: parchi storici ed oasi verdi - Hotel Indigo Verona - Grand Hotel Des Arts\" \/>\n<meta property=\"og:description\" content=\"Scopri i giardini e parchi pi\u00f9 scenografici di Verona: una passeggiata nel verde sar\u00e0 un\u2019attivit\u00e0 piacevole da inserire nel vostro itinerario.\" \/>\n<meta property=\"og:url\" content=\"https:\/\/www.indigoverona.com\/it\/westandforlovers\/i-migliori-giardini-di-verona-parchi-storici-ed-oasi-verdi\/\" \/>\n<meta property=\"og:site_name\" content=\"Hotel Indigo Verona - Grand Hotel Des Arts\" \/>\n<meta property=\"article:published_time\" content=\"2024-01-31T08:51:27+00:00\" \/>\n<meta property=\"article:modified_time\" content=\"2024-01-31T08:54:45+00:00\" \/>\n<meta property=\"og:image\" content=\"https:\/\/www.indigoverona.com\/wp-content\/uploads\/sites\/166\/2023\/06\/FOTO-9-Hotel-Indigo-Verona-Grand-Hotel-Des-Arts-Inner-garden-view-02.jpg\" \/>\n<meta name=\"author\" content=\"asfarasyoucan\" \/>\n<meta name=\"twitter:card\" content=\"summary_large_image\" \/>\n<meta name=\"twitter:label1\" content=\"Scritto da\" \/>\n\t<meta name=\"twitter:data1\" content=\"asfarasyoucan\" \/>\n\t<meta name=\"twitter:label2\" content=\"Tempo di lettura stimato\" \/>\n\t<meta name=\"twitter:data2\" content=\"3 minuti\" \/>\n<script type=\"application\/ld+json\" class=\"yoast-schema-graph\">{\"@context\":\"https:\/\/schema.org\",\"@graph\":[{\"@type\":\"Article\",\"@id\":\"https:\/\/www.indigoverona.com\/it\/westandforlovers\/i-migliori-giardini-di-verona-parchi-storici-ed-oasi-verdi\/#article\",\"isPartOf\":{\"@id\":\"https:\/\/www.indigoverona.com\/it\/westandforlovers\/i-migliori-giardini-di-verona-parchi-storici-ed-oasi-verdi\/\"},\"author\":{\"name\":\"asfarasyoucan\",\"@id\":\"https:\/\/www.indigoverona.com\/it\/#\/schema\/person\/5d279c8c7f3e6029548c5e36c5575e44\"},\"headline\":\"I migliori giardini di Verona: parchi storici ed oasi verdi\",\"datePublished\":\"2024-01-31T08:51:27+00:00\",\"dateModified\":\"2024-01-31T08:54:45+00:00\",\"mainEntityOfPage\":{\"@id\":\"https:\/\/www.indigoverona.com\/it\/westandforlovers\/i-migliori-giardini-di-verona-parchi-storici-ed-oasi-verdi\/\"},\"wordCount\":630,\"image\":{\"@id\":\"https:\/\/www.indigoverona.com\/it\/westandforlovers\/i-migliori-giardini-di-verona-parchi-storici-ed-oasi-verdi\/#primaryimage\"},\"thumbnailUrl\":\"https:\/\/www.indigoverona.com\/wp-content\/uploads\/sites\/166\/2023\/06\/FOTO-9-Hotel-Indigo-Verona-Grand-Hotel-Des-Arts-Inner-garden-view-02.jpg\",\"inLanguage\":\"it-IT\"},{\"@type\":\"WebPage\",\"@id\":\"https:\/\/www.indigoverona.com\/it\/westandforlovers\/i-migliori-giardini-di-verona-parchi-storici-ed-oasi-verdi\/\",\"url\":\"https:\/\/www.indigoverona.com\/it\/westandforlovers\/i-migliori-giardini-di-verona-parchi-storici-ed-oasi-verdi\/\",\"name\":\"I migliori giardini di Verona: parchi storici ed oasi verdi - Hotel Indigo Verona - Grand Hotel Des Arts\",\"isPartOf\":{\"@id\":\"https:\/\/www.indigoverona.com\/it\/#website\"},\"primaryImageOfPage\":{\"@id\":\"https:\/\/www.indigoverona.com\/it\/westandforlovers\/i-migliori-giardini-di-verona-parchi-storici-ed-oasi-verdi\/#primaryimage\"},\"image\":{\"@id\":\"https:\/\/www.indigoverona.com\/it\/westandforlovers\/i-migliori-giardini-di-verona-parchi-storici-ed-oasi-verdi\/#primaryimage\"},\"thumbnailUrl\":\"https:\/\/www.indigoverona.com\/wp-content\/uploads\/sites\/166\/2023\/06\/FOTO-9-Hotel-Indigo-Verona-Grand-Hotel-Des-Arts-Inner-garden-view-02.jpg\",\"datePublished\":\"2024-01-31T08:51:27+00:00\",\"dateModified\":\"2024-01-31T08:54:45+00:00\",\"author\":{\"@id\":\"https:\/\/www.indigoverona.com\/it\/#\/schema\/person\/5d279c8c7f3e6029548c5e36c5575e44\"},\"description\":\"Scopri i giardini e parchi pi\u00f9 scenografici di Verona: una passeggiata nel verde sar\u00e0 un\u2019attivit\u00e0 piacevole da inserire nel vostro itinerario.\",\"breadcrumb\":{\"@id\":\"https:\/\/www.indigoverona.com\/it\/westandforlovers\/i-migliori-giardini-di-verona-parchi-storici-ed-oasi-verdi\/#breadcrumb\"},\"inLanguage\":\"it-IT\",\"potentialAction\":[{\"@type\":\"ReadAction\",\"target\":[\"https:\/\/www.indigoverona.com\/it\/westandforlovers\/i-migliori-giardini-di-verona-parchi-storici-ed-oasi-verdi\/\"]}]},{\"@type\":\"ImageObject\",\"inLanguage\":\"it-IT\",\"@id\":\"https:\/\/www.indigoverona.com\/it\/westandforlovers\/i-migliori-giardini-di-verona-parchi-storici-ed-oasi-verdi\/#primaryimage\",\"url\":\"https:\/\/www.indigoverona.com\/wp-content\/uploads\/sites\/166\/2023\/06\/FOTO-9-Hotel-Indigo-Verona-Grand-Hotel-Des-Arts-Inner-garden-view-02.jpg\",\"contentUrl\":\"https:\/\/www.indigoverona.com\/wp-content\/uploads\/sites\/166\/2023\/06\/FOTO-9-Hotel-Indigo-Verona-Grand-Hotel-Des-Arts-Inner-garden-view-02.jpg\"},{\"@type\":\"BreadcrumbList\",\"@id\":\"https:\/\/www.indigoverona.com\/it\/westandforlovers\/i-migliori-giardini-di-verona-parchi-storici-ed-oasi-verdi\/#breadcrumb\",\"itemListElement\":[{\"@type\":\"ListItem\",\"position\":1,\"name\":\"Home\",\"item\":\"https:\/\/www.indigoverona.com\/it\/\"},{\"@type\":\"ListItem\",\"position\":2,\"name\":\"I migliori giardini di Verona: parchi storici ed oasi verdi\"}]},{\"@type\":\"WebSite\",\"@id\":\"https:\/\/www.indigoverona.com\/it\/#website\",\"url\":\"https:\/\/www.indigoverona.com\/it\/\",\"name\":\"Hotel Indigo Verona - Grand Hotel Des Arts\",\"description\":\"Just another ms.decms.eu site\",\"potentialAction\":[{\"@type\":\"SearchAction\",\"target\":{\"@type\":\"EntryPoint\",\"urlTemplate\":\"https:\/\/www.indigoverona.com\/it\/?s={search_term_string}\"},\"query-input\":{\"@type\":\"PropertyValueSpecification\",\"valueRequired\":true,\"valueName\":\"search_term_string\"}}],\"inLanguage\":\"it-IT\"},{\"@type\":\"Person\",\"@id\":\"https:\/\/www.indigoverona.com\/it\/#\/schema\/person\/5d279c8c7f3e6029548c5e36c5575e44\",\"name\":\"asfarasyoucan\",\"image\":{\"@type\":\"ImageObject\",\"inLanguage\":\"it-IT\",\"@id\":\"https:\/\/www.indigoverona.com\/it\/#\/schema\/person\/image\/\",\"url\":\"https:\/\/secure.gravatar.com\/avatar\/5d459d7b5e0de39a24cccd2bd597538aafc77979f5565a342701800360b2cf16?s=96&d=mm&r=g\",\"contentUrl\":\"https:\/\/secure.gravatar.com\/avatar\/5d459d7b5e0de39a24cccd2bd597538aafc77979f5565a342701800360b2cf16?s=96&d=mm&r=g\",\"caption\":\"asfarasyoucan\"},\"url\":\"https:\/\/www.indigoverona.com\/it\/author\/asfarasyoucan\/\"}]}<\/script>\n<!-- \/ Yoast SEO plugin. -->","yoast_head_json":{"title":"I migliori giardini di Verona: parchi storici ed oasi verdi - Hotel Indigo Verona - Grand Hotel Des Arts","description":"Scopri i giardini e parchi pi\u00f9 scenografici di Verona: una passeggiata nel verde sar\u00e0 un\u2019attivit\u00e0 piacevole da inserire nel vostro itinerario.","robots":{"index":"index","follow":"follow","max-snippet":"max-snippet:-1","max-image-preview":"max-image-preview:large","max-video-preview":"max-video-preview:-1"},"canonical":"https:\/\/www.indigoverona.com\/it\/westandforlovers\/i-migliori-giardini-di-verona-parchi-storici-ed-oasi-verdi\/","og_locale":"it_IT","og_type":"article","og_title":"I migliori giardini di Verona: parchi storici ed oasi verdi - Hotel Indigo Verona - Grand Hotel Des Arts","og_description":"Scopri i giardini e parchi pi\u00f9 scenografici di Verona: una passeggiata nel verde sar\u00e0 un\u2019attivit\u00e0 piacevole da inserire nel vostro itinerario.","og_url":"https:\/\/www.indigoverona.com\/it\/westandforlovers\/i-migliori-giardini-di-verona-parchi-storici-ed-oasi-verdi\/","og_site_name":"Hotel Indigo Verona - Grand Hotel Des Arts","article_published_time":"2024-01-31T08:51:27+00:00","article_modified_time":"2024-01-31T08:54:45+00:00","og_image":[{"url":"https:\/\/www.indigoverona.com\/wp-content\/uploads\/sites\/166\/2023\/06\/FOTO-9-Hotel-Indigo-Verona-Grand-Hotel-Des-Arts-Inner-garden-view-02.jpg","type":"","width":"","height":""}],"author":"asfarasyoucan","twitter_card":"summary_large_image","twitter_misc":{"Scritto da":"asfarasyoucan","Tempo di lettura stimato":"3 minuti"},"schema":{"@context":"https:\/\/schema.org","@graph":[{"@type":"Article","@id":"https:\/\/www.indigoverona.com\/it\/westandforlovers\/i-migliori-giardini-di-verona-parchi-storici-ed-oasi-verdi\/#article","isPartOf":{"@id":"https:\/\/www.indigoverona.com\/it\/westandforlovers\/i-migliori-giardini-di-verona-parchi-storici-ed-oasi-verdi\/"},"author":{"name":"asfarasyoucan","@id":"https:\/\/www.indigoverona.com\/it\/#\/schema\/person\/5d279c8c7f3e6029548c5e36c5575e44"},"headline":"I migliori giardini di Verona: parchi storici ed oasi verdi","datePublished":"2024-01-31T08:51:27+00:00","dateModified":"2024-01-31T08:54:45+00:00","mainEntityOfPage":{"@id":"https:\/\/www.indigoverona.com\/it\/westandforlovers\/i-migliori-giardini-di-verona-parchi-storici-ed-oasi-verdi\/"},"wordCount":630,"image":{"@id":"https:\/\/www.indigoverona.com\/it\/westandforlovers\/i-migliori-giardini-di-verona-parchi-storici-ed-oasi-verdi\/#primaryimage"},"thumbnailUrl":"https:\/\/www.indigoverona.com\/wp-content\/uploads\/sites\/166\/2023\/06\/FOTO-9-Hotel-Indigo-Verona-Grand-Hotel-Des-Arts-Inner-garden-view-02.jpg","inLanguage":"it-IT"},{"@type":"WebPage","@id":"https:\/\/www.indigoverona.com\/it\/westandforlovers\/i-migliori-giardini-di-verona-parchi-storici-ed-oasi-verdi\/","url":"https:\/\/www.indigoverona.com\/it\/westandforlovers\/i-migliori-giardini-di-verona-parchi-storici-ed-oasi-verdi\/","name":"I migliori giardini di Verona: parchi storici ed oasi verdi - Hotel Indigo Verona - Grand Hotel Des Arts","isPartOf":{"@id":"https:\/\/www.indigoverona.com\/it\/#website"},"primaryImageOfPage":{"@id":"https:\/\/www.indigoverona.com\/it\/westandforlovers\/i-migliori-giardini-di-verona-parchi-storici-ed-oasi-verdi\/#primaryimage"},"image":{"@id":"https:\/\/www.indigoverona.com\/it\/westandforlovers\/i-migliori-giardini-di-verona-parchi-storici-ed-oasi-verdi\/#primaryimage"},"thumbnailUrl":"https:\/\/www.indigoverona.com\/wp-content\/uploads\/sites\/166\/2023\/06\/FOTO-9-Hotel-Indigo-Verona-Grand-Hotel-Des-Arts-Inner-garden-view-02.jpg","datePublished":"2024-01-31T08:51:27+00:00","dateModified":"2024-01-31T08:54:45+00:00","author":{"@id":"https:\/\/www.indigoverona.com\/it\/#\/schema\/person\/5d279c8c7f3e6029548c5e36c5575e44"},"description":"Scopri i giardini e parchi pi\u00f9 scenografici di Verona: una passeggiata nel verde sar\u00e0 un\u2019attivit\u00e0 piacevole da inserire nel vostro itinerario.","breadcrumb":{"@id":"https:\/\/www.indigoverona.com\/it\/westandforlovers\/i-migliori-giardini-di-verona-parchi-storici-ed-oasi-verdi\/#breadcrumb"},"inLanguage":"it-IT","potentialAction":[{"@type":"ReadAction","target":["https:\/\/www.indigoverona.com\/it\/westandforlovers\/i-migliori-giardini-di-verona-parchi-storici-ed-oasi-verdi\/"]}]},{"@type":"ImageObject","inLanguage":"it-IT","@id":"https:\/\/www.indigoverona.com\/it\/westandforlovers\/i-migliori-giardini-di-verona-parchi-storici-ed-oasi-verdi\/#primaryimage","url":"https:\/\/www.indigoverona.com\/wp-content\/uploads\/sites\/166\/2023\/06\/FOTO-9-Hotel-Indigo-Verona-Grand-Hotel-Des-Arts-Inner-garden-view-02.jpg","contentUrl":"https:\/\/www.indigoverona.com\/wp-content\/uploads\/sites\/166\/2023\/06\/FOTO-9-Hotel-Indigo-Verona-Grand-Hotel-Des-Arts-Inner-garden-view-02.jpg"},{"@type":"BreadcrumbList","@id":"https:\/\/www.indigoverona.com\/it\/westandforlovers\/i-migliori-giardini-di-verona-parchi-storici-ed-oasi-verdi\/#breadcrumb","itemListElement":[{"@type":"ListItem","position":1,"name":"Home","item":"https:\/\/www.indigoverona.com\/it\/"},{"@type":"ListItem","position":2,"name":"I migliori giardini di Verona: parchi storici ed oasi verdi"}]},{"@type":"WebSite","@id":"https:\/\/www.indigoverona.com\/it\/#website","url":"https:\/\/www.indigoverona.com\/it\/","name":"Hotel Indigo Verona - Grand Hotel Des Arts","description":"Just another ms.decms.eu site","potentialAction":[{"@type":"SearchAction","target":{"@type":"EntryPoint","urlTemplate":"https:\/\/www.indigoverona.com\/it\/?s={search_term_string}"},"query-input":{"@type":"PropertyValueSpecification","valueRequired":true,"valueName":"search_term_string"}}],"inLanguage":"it-IT"},{"@type":"Person","@id":"https:\/\/www.indigoverona.com\/it\/#\/schema\/person\/5d279c8c7f3e6029548c5e36c5575e44","name":"asfarasyoucan","image":{"@type":"ImageObject","inLanguage":"it-IT","@id":"https:\/\/www.indigoverona.com\/it\/#\/schema\/person\/image\/","url":"https:\/\/secure.gravatar.com\/avatar\/5d459d7b5e0de39a24cccd2bd597538aafc77979f5565a342701800360b2cf16?s=96&d=mm&r=g","contentUrl":"https:\/\/secure.gravatar.com\/avatar\/5d459d7b5e0de39a24cccd2bd597538aafc77979f5565a342701800360b2cf16?s=96&d=mm&r=g","caption":"asfarasyoucan"},"url":"https:\/\/www.indigoverona.com\/it\/author\/asfarasyoucan\/"}]}},"acf":[],"_links":{"self":[{"href":"https:\/\/www.indigoverona.com\/it\/wp-json\/wp\/v2\/posts\/1964","targetHints":{"allow":["GET"]}}],"collection":[{"href":"https:\/\/www.indigoverona.com\/it\/wp-json\/wp\/v2\/posts"}],"about":[{"href":"https:\/\/www.indigoverona.com\/it\/wp-json\/wp\/v2\/types\/post"}],"author":[{"embeddable":true,"href":"https:\/\/www.indigoverona.com\/it\/wp-json\/wp\/v2\/users\/125"}],"replies":[{"embeddable":true,"href":"https:\/\/www.indigoverona.com\/it\/wp-json\/wp\/v2\/comments?post=1964"}],"version-history":[{"count":0,"href":"https:\/\/www.indigoverona.com\/it\/wp-json\/wp\/v2\/posts\/1964\/revisions"}],"wp:attachment":[{"href":"https:\/\/www.indigoverona.com\/it\/wp-json\/wp\/v2\/media?parent=1964"}],"curies":[{"name":"wp","href":"https:\/\/api.w.org\/{rel}","templated":true}]}}